{"id":2018,"date":"2018-08-02T15:31:10","date_gmt":"2018-08-02T13:31:10","guid":{"rendered":"http:\/\/mmth.de\/?p=2018"},"modified":"2018-07-29T15:35:08","modified_gmt":"2018-07-29T13:35:08","slug":"besuch-auf-der-insel-mainau","status":"publish","type":"post","link":"https:\/\/mmth.de\/?p=2018","title":{"rendered":"Besuch auf der Insel Mainau"},"content":{"rendered":"<p>Auch in diesem Jahr sind wir f\u00fcr ein paar Tage zum Camping an den Bodensee gefahren. Wir haben diese Zeit nat\u00fcrlich auch zu einem Besuch auf der Insel Mainau genutzt. Es war ein herrlich sonniger Tag, aber da wir fr\u00fchzeitig (per Schiff nat\u00fcrlich) angereist waren, war es noch nicht zu hei\u00df.<\/p>\n<div class='polaroid-gallery galleryid-2018' style='width:510px;'>\n\t\t\t<a href=\"https:\/\/mmth.de\/wp-content\/uploads\/2018\/07\/eff331dcacd923e40cdc1c904697b812.jpg\" title=\"Bl\u00fcten der Mainau 1\" rel=\"polaroid_1089031019\" class=\"polaroid-gallery-item showcaption\"><span class=\"polaroid-gallery-image\" title=\"\" style=\"background-image: url(https:\/\/mmth.de\/wp-content\/uploads\/2018\/07\/eff331dcacd923e40cdc1c904697b812-150x150.jpg); width: 150px; height: 150px;\"><\/span><\/a>\n\t\t\t<a href=\"https:\/\/mmth.de\/wp-content\/uploads\/2018\/07\/db070115b6addc3e47c5b5ad3859ba8d.jpg\" title=\"Bl\u00fcten der Mainau 2\" rel=\"polaroid_1089031019\" class=\"polaroid-gallery-item showcaption\"><span class=\"polaroid-gallery-image\" title=\"\" style=\"background-image: url(https:\/\/mmth.de\/wp-content\/uploads\/2018\/07\/db070115b6addc3e47c5b5ad3859ba8d-150x150.jpg); width: 150px; height: 150px;\"><\/span><\/a>\n\t\t\t<a href=\"https:\/\/mmth.de\/wp-content\/uploads\/2018\/07\/fd8b04a7a9aa30902a29577218691845.jpg\" title=\"Bl\u00fcten der Mainau 3\" rel=\"polaroid_1089031019\" class=\"polaroid-gallery-item showcaption\"><span class=\"polaroid-gallery-image\" title=\"\" style=\"background-image: url(https:\/\/mmth.de\/wp-content\/uploads\/2018\/07\/fd8b04a7a9aa30902a29577218691845-150x150.jpg); width: 150px; height: 150px;\"><\/span><\/a>\n\t\t\t<br style=\"clear: both;\" \/>\n\t\t\t<a href=\"https:\/\/mmth.de\/wp-content\/uploads\/2018\/07\/f6cca07b46c223fc7c8c7bfde9efa95b.jpg\" title=\"Bl\u00fcten der Mainau 4\" rel=\"polaroid_1089031019\" class=\"polaroid-gallery-item showcaption\"><span class=\"polaroid-gallery-image\" title=\"\" style=\"background-image: url(https:\/\/mmth.de\/wp-content\/uploads\/2018\/07\/f6cca07b46c223fc7c8c7bfde9efa95b-150x150.jpg); width: 150px; height: 150px;\"><\/span><\/a>\n\t\t\t<a href=\"https:\/\/mmth.de\/wp-content\/uploads\/2018\/07\/0dc63c5bc59f15ea7c3fcf800c40c091.jpg\" title=\"Bl\u00fcten der Mainau 5\" rel=\"polaroid_1089031019\" class=\"polaroid-gallery-item showcaption\"><span class=\"polaroid-gallery-image\" title=\"\" style=\"background-image: url(https:\/\/mmth.de\/wp-content\/uploads\/2018\/07\/0dc63c5bc59f15ea7c3fcf800c40c091-150x150.jpg); width: 150px; height: 150px;\"><\/span><\/a>\n\t\t\t<a href=\"https:\/\/mmth.de\/wp-content\/uploads\/2018\/07\/0f52515dcb39059f49412c25baf57f51.jpg\" title=\"Bl\u00fcten der Mainau 6\" rel=\"polaroid_1089031019\" class=\"polaroid-gallery-item showcaption\"><span class=\"polaroid-gallery-image\" title=\"\" style=\"background-image: url(https:\/\/mmth.de\/wp-content\/uploads\/2018\/07\/0f52515dcb39059f49412c25baf57f51-150x150.jpg); width: 150px; height: 150px;\"><\/span><\/a>\n\t\t\t<br style=\"clear: both;\" \/><\/div>\n\n","protected":false},"excerpt":{"rendered":"<p>Auch in diesem Jahr sind wir f\u00fcr ein paar Tage zum Camping an den Bodensee gefahren. Wir haben diese Zeit nat\u00fcrlich auch zu einem Besuch auf der Insel Mainau genutzt. Es war ein herrlich sonniger Tag, aber da wir fr\u00fchzeitig &hellip; <a href=\"https:\/\/mmth.de\/?p=2018\">Weiterlesen <span class=\"meta-nav\">&rarr;<\/span><\/a><\/p>\n","protected":false},"author":1,"featured_media":0,"comment_status":"closed","ping_status":"closed","sticky":false,"template":"","format":"standard","meta":{"footnotes":""},"categories":[34,3],"tags":[],"class_list":["post-2018","post","type-post","status-publish","format-standard","hentry","category-baden-wuerttemberg","category-bilder"],"_links":{"self":[{"href":"https:\/\/mmth.de\/index.php?rest_route=\/wp\/v2\/posts\/2018","targetHints":{"allow":["GET"]}}],"collection":[{"href":"https:\/\/mmth.de\/index.php?rest_route=\/wp\/v2\/posts"}],"about":[{"href":"https:\/\/mmth.de\/index.php?rest_route=\/wp\/v2\/types\/post"}],"author":[{"embeddable":true,"href":"https:\/\/mmth.de\/index.php?rest_route=\/wp\/v2\/users\/1"}],"replies":[{"embeddable":true,"href":"https:\/\/mmth.de\/index.php?rest_route=%2Fwp%2Fv2%2Fcomments&post=2018"}],"version-history":[{"count":1,"href":"https:\/\/mmth.de\/index.php?rest_route=\/wp\/v2\/posts\/2018\/revisions"}],"predecessor-version":[{"id":2025,"href":"https:\/\/mmth.de\/index.php?rest_route=\/wp\/v2\/posts\/2018\/revisions\/2025"}],"wp:attachment":[{"href":"https:\/\/mmth.de\/index.php?rest_route=%2Fwp%2Fv2%2Fmedia&parent=2018"}],"wp:term":[{"taxonomy":"category","embeddable":true,"href":"https:\/\/mmth.de\/index.php?rest_route=%2Fwp%2Fv2%2Fcategories&post=2018"},{"taxonomy":"post_tag","embeddable":true,"href":"https:\/\/mmth.de\/index.php?rest_route=%2Fwp%2Fv2%2Ftags&post=2018"}],"curies":[{"name":"wp","href":"https:\/\/api.w.org\/{rel}","templated":true}]}}