{"id":1625,"date":"2017-03-12T21:32:10","date_gmt":"2017-03-12T20:32:10","guid":{"rendered":"http:\/\/mmth.de\/?p=1625"},"modified":"2017-03-12T21:32:10","modified_gmt":"2017-03-12T20:32:10","slug":"im-garten-ist-der-fruehling-angekommen","status":"publish","type":"post","link":"https:\/\/mmth.de\/?p=1625","title":{"rendered":"Im Garten ist der Fr\u00fchling angekommen"},"content":{"rendered":"<p>Auch wenn dieser Winter nicht besonders lang oder kalt war, freue ich mich doch \u00fcber die ersten Bl\u00fcten im Garten. Erste Krokusbl\u00fcten gibt es schon seit 14 Tagen, nun ist er aber in voller Bl\u00fcte. Hyazinthen und Narzissen k\u00fcndigen sich auch schon an.<\/p>\n<p><img loading=\"lazy\" decoding=\"async\" src=\"http:\/\/mmth.de\/wp-content\/uploads\/2017\/03\/01-Krokus.jpg\" alt=\"\" width=\"1280\" height=\"1280\" class=\"aligncenter size-full wp-image-1626\" srcset=\"https:\/\/mmth.de\/wp-content\/uploads\/2017\/03\/01-Krokus.jpg 1280w, https:\/\/mmth.de\/wp-content\/uploads\/2017\/03\/01-Krokus-150x150.jpg 150w, https:\/\/mmth.de\/wp-content\/uploads\/2017\/03\/01-Krokus-300x300.jpg 300w, https:\/\/mmth.de\/wp-content\/uploads\/2017\/03\/01-Krokus-768x768.jpg 768w\" sizes=\"auto, (max-width: 1280px) 100vw, 1280px\" \/><\/p>\n<p><img loading=\"lazy\" decoding=\"async\" src=\"http:\/\/mmth.de\/wp-content\/uploads\/2017\/03\/02-Blausternchen.jpg\" alt=\"\" width=\"640\" height=\"640\" class=\"aligncenter size-large wp-image-1627\" srcset=\"https:\/\/mmth.de\/wp-content\/uploads\/2017\/03\/02-Blausternchen.jpg 1280w, https:\/\/mmth.de\/wp-content\/uploads\/2017\/03\/02-Blausternchen-150x150.jpg 150w, https:\/\/mmth.de\/wp-content\/uploads\/2017\/03\/02-Blausternchen-300x300.jpg 300w, https:\/\/mmth.de\/wp-content\/uploads\/2017\/03\/02-Blausternchen-768x768.jpg 768w\" sizes=\"auto, (max-width: 640px) 100vw, 640px\" \/><\/p>\n","protected":false},"excerpt":{"rendered":"<p>Auch wenn dieser Winter nicht besonders lang oder kalt war, freue ich mich doch \u00fcber die ersten Bl\u00fcten im Garten. Erste Krokusbl\u00fcten gibt es schon seit 14 Tagen, nun ist er aber in voller Bl\u00fcte. Hyazinthen und Narzissen k\u00fcndigen sich &hellip; <a href=\"https:\/\/mmth.de\/?p=1625\">Weiterlesen <span class=\"meta-nav\">&rarr;<\/span><\/a><\/p>\n","protected":false},"author":1,"featured_media":0,"comment_status":"open","ping_status":"closed","sticky":false,"template":"","format":"standard","meta":{"footnotes":""},"categories":[3,5],"tags":[],"class_list":["post-1625","post","type-post","status-publish","format-standard","hentry","category-bilder","category-weilderstadt"],"_links":{"self":[{"href":"https:\/\/mmth.de\/index.php?rest_route=\/wp\/v2\/posts\/1625","targetHints":{"allow":["GET"]}}],"collection":[{"href":"https:\/\/mmth.de\/index.php?rest_route=\/wp\/v2\/posts"}],"about":[{"href":"https:\/\/mmth.de\/index.php?rest_route=\/wp\/v2\/types\/post"}],"author":[{"embeddable":true,"href":"https:\/\/mmth.de\/index.php?rest_route=\/wp\/v2\/users\/1"}],"replies":[{"embeddable":true,"href":"https:\/\/mmth.de\/index.php?rest_route=%2Fwp%2Fv2%2Fcomments&post=1625"}],"version-history":[{"count":1,"href":"https:\/\/mmth.de\/index.php?rest_route=\/wp\/v2\/posts\/1625\/revisions"}],"predecessor-version":[{"id":1628,"href":"https:\/\/mmth.de\/index.php?rest_route=\/wp\/v2\/posts\/1625\/revisions\/1628"}],"wp:attachment":[{"href":"https:\/\/mmth.de\/index.php?rest_route=%2Fwp%2Fv2%2Fmedia&parent=1625"}],"wp:term":[{"taxonomy":"category","embeddable":true,"href":"https:\/\/mmth.de\/index.php?rest_route=%2Fwp%2Fv2%2Fcategories&post=1625"},{"taxonomy":"post_tag","embeddable":true,"href":"https:\/\/mmth.de\/index.php?rest_route=%2Fwp%2Fv2%2Ftags&post=1625"}],"curies":[{"name":"wp","href":"https:\/\/api.w.org\/{rel}","templated":true}]}}