{"id":464,"date":"2014-01-24T22:21:40","date_gmt":"2014-01-24T21:21:40","guid":{"rendered":"http:\/\/blog.auchmonoabspielbar.de\/?p=464"},"modified":"2014-01-24T22:50:35","modified_gmt":"2014-01-24T21:50:35","slug":"madeira-funchal-6-tag-die-nord-ost-tour","status":"publish","type":"post","link":"http:\/\/mmth.de\/?p=464","title":{"rendered":"Madeira\/ Funchal: 6. Tag \u2013 Die Nord-Ost Tour"},"content":{"rendered":"<p>Am Dienstag haben wir eine Taxi-Tour durch den Nord-Osten der Insel gebucht. Das ist wie eine Bus Tour &#8211; nur muss man nicht auf andere Leute warten.<\/p>\n<p>Zuerst ging es wieder auf den Monte &#8211; diesmal haben wir aber nicht die G\u00e4rten besichtigt sondern die Kirche.<\/p>\n<div class='polaroid-gallery galleryid-464' style='width:510px;'>\n\t\t\t<a href=\"http:\/\/mmth.de\/wp-content\/uploads\/2014\/01\/T601.jpg\" title=\"T601\" rel=\"polaroid_1927070666\" class=\"polaroid-gallery-item showcaption\"><span class=\"polaroid-gallery-image\" title=\"\" style=\"background-image: url(http:\/\/mmth.de\/wp-content\/uploads\/2014\/01\/T601-150x150.jpg); width: 150px; height: 150px;\"><\/span><\/a>\n\t\t\t<a href=\"http:\/\/mmth.de\/wp-content\/uploads\/2014\/01\/T602.jpg\" title=\"T602\" rel=\"polaroid_1927070666\" class=\"polaroid-gallery-item showcaption\"><span class=\"polaroid-gallery-image\" title=\"\" style=\"background-image: url(http:\/\/mmth.de\/wp-content\/uploads\/2014\/01\/T602-150x150.jpg); width: 150px; height: 150px;\"><\/span><\/a>\n\t\t\t<a href=\"http:\/\/mmth.de\/wp-content\/uploads\/2014\/01\/T603.jpg\" title=\"T603\" rel=\"polaroid_1927070666\" class=\"polaroid-gallery-item showcaption\"><span class=\"polaroid-gallery-image\" title=\"\" style=\"background-image: url(http:\/\/mmth.de\/wp-content\/uploads\/2014\/01\/T603-150x150.jpg); width: 150px; height: 150px;\"><\/span><\/a>\n\t\t\t<br style=\"clear: both;\" \/>\n\t\t\t<a href=\"http:\/\/mmth.de\/wp-content\/uploads\/2014\/01\/T604.jpg\" title=\"T604\" rel=\"polaroid_1927070666\" class=\"polaroid-gallery-item showcaption\"><span class=\"polaroid-gallery-image\" title=\"\" style=\"background-image: url(http:\/\/mmth.de\/wp-content\/uploads\/2014\/01\/T604-150x150.jpg); width: 150px; height: 150px;\"><\/span><\/a>\n\t\t\t<br style=\"clear: both;\" \/><\/div>\n\n<p>Danach ging es weiter Richtung Pico do Arieiro, dem zweith\u00f6chsten Berg auf Madeira. Auf dem Weg dorthin gab es eine kurze Unterbrechung, da ein herabgest\u00fcrzter Baum die Stra\u00dfe versperrte. Das wurde mittels eines Krans aber schnell geregelt. Nachdem wir oberhalb der Wolken waren, gab es auf der Hochebene einen grandiosen Ausblick.<\/p>\n<div class='polaroid-gallery galleryid-464' style='width:510px;'>\n\t\t\t<a href=\"http:\/\/mmth.de\/wp-content\/uploads\/2014\/01\/T610.jpg\" title=\"T610\" rel=\"polaroid_2024992299\" class=\"polaroid-gallery-item showcaption\"><span class=\"polaroid-gallery-image\" title=\"Landschaft im Nebel\" style=\"background-image: url(http:\/\/mmth.de\/wp-content\/uploads\/2014\/01\/T610-150x150.jpg); width: 150px; height: 150px;\"><\/span><\/a>\n\t\t\t<a href=\"http:\/\/mmth.de\/wp-content\/uploads\/2014\/01\/T611.jpg\" title=\"T611\" rel=\"polaroid_2024992299\" class=\"polaroid-gallery-item showcaption\"><span class=\"polaroid-gallery-image\" title=\"Aufr\u00e4umaktion\" style=\"background-image: url(http:\/\/mmth.de\/wp-content\/uploads\/2014\/01\/T611-150x150.jpg); width: 150px; height: 150px;\"><\/span><\/a>\n\t\t\t<a href=\"http:\/\/mmth.de\/wp-content\/uploads\/2014\/01\/T612.jpg\" title=\"T612\" rel=\"polaroid_2024992299\" class=\"polaroid-gallery-item showcaption\"><span class=\"polaroid-gallery-image\" title=\"\u00dcber den Wolken\" style=\"background-image: url(http:\/\/mmth.de\/wp-content\/uploads\/2014\/01\/T612-150x150.jpg); width: 150px; height: 150px;\"><\/span><\/a>\n\t\t\t<br style=\"clear: both;\" \/>\n\t\t\t<a href=\"http:\/\/mmth.de\/wp-content\/uploads\/2014\/01\/T613.jpg\" title=\"T613\" rel=\"polaroid_2024992299\" class=\"polaroid-gallery-item showcaption\"><span class=\"polaroid-gallery-image\" title=\"Blick auf das Ziel\" style=\"background-image: url(http:\/\/mmth.de\/wp-content\/uploads\/2014\/01\/T613-150x150.jpg); width: 150px; height: 150px;\"><\/span><\/a>\n\t\t\t<a href=\"http:\/\/mmth.de\/wp-content\/uploads\/2014\/01\/T614.jpg\" title=\"T614\" rel=\"polaroid_2024992299\" class=\"polaroid-gallery-item showcaption\"><span class=\"polaroid-gallery-image\" title=\"Nonnental\" style=\"background-image: url(http:\/\/mmth.de\/wp-content\/uploads\/2014\/01\/T614-150x150.jpg); width: 150px; height: 150px;\"><\/span><\/a>\n\t\t\t<a href=\"http:\/\/mmth.de\/wp-content\/uploads\/2014\/01\/T615.jpg\" title=\"T615\" rel=\"polaroid_2024992299\" class=\"polaroid-gallery-item showcaption\"><span class=\"polaroid-gallery-image\" title=\"Lava\" style=\"background-image: url(http:\/\/mmth.de\/wp-content\/uploads\/2014\/01\/T615-150x150.jpg); width: 150px; height: 150px;\"><\/span><\/a>\n\t\t\t<br style=\"clear: both;\" \/>\n\t\t\t<a href=\"http:\/\/mmth.de\/wp-content\/uploads\/2014\/01\/T616.jpg\" title=\"T616\" rel=\"polaroid_2024992299\" class=\"polaroid-gallery-item showcaption\"><span class=\"polaroid-gallery-image\" title=\"Nonnental\" style=\"background-image: url(http:\/\/mmth.de\/wp-content\/uploads\/2014\/01\/T616-150x150.jpg); width: 150px; height: 150px;\"><\/span><\/a>\n\t\t\t<br style=\"clear: both;\" \/><\/div>\n\n<p>Weiter ging es \u00fcber Faial in Richtung Santana. Die Landschaft ist gro\u00dfartig, die Stra\u00dfe schl\u00e4ngelt sich m\u00fchsam \u00fcber die Berge.<\/p>\n<div class='polaroid-gallery galleryid-464' style='width:510px;'>\n\t\t\t<a href=\"http:\/\/mmth.de\/wp-content\/uploads\/2014\/01\/T620.jpg\" title=\"T620\" rel=\"polaroid_1250722785\" class=\"polaroid-gallery-item showcaption\"><span class=\"polaroid-gallery-image\" title=\"\" style=\"background-image: url(http:\/\/mmth.de\/wp-content\/uploads\/2014\/01\/T620-150x150.jpg); width: 150px; height: 150px;\"><\/span><\/a>\n\t\t\t<a href=\"http:\/\/mmth.de\/wp-content\/uploads\/2014\/01\/T621.jpg\" title=\"T621\" rel=\"polaroid_1250722785\" class=\"polaroid-gallery-item showcaption\"><span class=\"polaroid-gallery-image\" title=\"\" style=\"background-image: url(http:\/\/mmth.de\/wp-content\/uploads\/2014\/01\/T621-150x150.jpg); width: 150px; height: 150px;\"><\/span><\/a>\n\t\t\t<a href=\"http:\/\/mmth.de\/wp-content\/uploads\/2014\/01\/T622.jpg\" title=\"T622\" rel=\"polaroid_1250722785\" class=\"polaroid-gallery-item showcaption\"><span class=\"polaroid-gallery-image\" title=\"\" style=\"background-image: url(http:\/\/mmth.de\/wp-content\/uploads\/2014\/01\/T622-150x150.jpg); width: 150px; height: 150px;\"><\/span><\/a>\n\t\t\t<br style=\"clear: both;\" \/><\/div>\n\n<p>In Santana gibt es ein kleines Freilichtmuseum mit kleinen H\u00e4usern. Ansonsten ist dort aber leider nicht viel los.<\/p>\n<div class='polaroid-gallery galleryid-464' style='width:510px;'>\n\t\t\t<a href=\"http:\/\/mmth.de\/wp-content\/uploads\/2014\/01\/T630.jpg\" title=\"T630\" rel=\"polaroid_1089010850\" class=\"polaroid-gallery-item showcaption\"><span class=\"polaroid-gallery-image\" title=\"\" style=\"background-image: url(http:\/\/mmth.de\/wp-content\/uploads\/2014\/01\/T630-150x150.jpg); width: 150px; height: 150px;\"><\/span><\/a>\n\t\t\t<a href=\"http:\/\/mmth.de\/wp-content\/uploads\/2014\/01\/T631.jpg\" title=\"T631\" rel=\"polaroid_1089010850\" class=\"polaroid-gallery-item showcaption\"><span class=\"polaroid-gallery-image\" title=\"\" style=\"background-image: url(http:\/\/mmth.de\/wp-content\/uploads\/2014\/01\/T631-150x150.jpg); width: 150px; height: 150px;\"><\/span><\/a>\n\t\t\t<a href=\"http:\/\/mmth.de\/wp-content\/uploads\/2014\/01\/T632.jpg\" title=\"T632\" rel=\"polaroid_1089010850\" class=\"polaroid-gallery-item showcaption\"><span class=\"polaroid-gallery-image\" title=\"\" style=\"background-image: url(http:\/\/mmth.de\/wp-content\/uploads\/2014\/01\/T632-150x150.jpg); width: 150px; height: 150px;\"><\/span><\/a>\n\t\t\t<br style=\"clear: both;\" \/>\n\t\t\t<a href=\"http:\/\/mmth.de\/wp-content\/uploads\/2014\/01\/T633.jpg\" title=\"T633\" rel=\"polaroid_1089010850\" class=\"polaroid-gallery-item showcaption\"><span class=\"polaroid-gallery-image\" title=\"\" style=\"background-image: url(http:\/\/mmth.de\/wp-content\/uploads\/2014\/01\/T633-150x150.jpg); width: 150px; height: 150px;\"><\/span><\/a>\n\t\t\t<a href=\"http:\/\/mmth.de\/wp-content\/uploads\/2014\/01\/T634.jpg\" title=\"T634\" rel=\"polaroid_1089010850\" class=\"polaroid-gallery-item showcaption\"><span class=\"polaroid-gallery-image\" title=\"\" style=\"background-image: url(http:\/\/mmth.de\/wp-content\/uploads\/2014\/01\/T634-150x150.jpg); width: 150px; height: 150px;\"><\/span><\/a>\n\t\t\t<br style=\"clear: both;\" \/><\/div>\n\n<p>Weiter ging es Richtung Porto da Cruz. Es gab eine Aussichtspunkt mit Blick auf die Nord-Ost Spitze der Insel.<\/p>\n<div class='polaroid-gallery galleryid-464' style='width:510px;'>\n\t\t\t<a href=\"http:\/\/mmth.de\/wp-content\/uploads\/2014\/01\/T640.jpg\" title=\"T640\" rel=\"polaroid_391803410\" class=\"polaroid-gallery-item showcaption\"><span class=\"polaroid-gallery-image\" title=\"\" style=\"background-image: url(http:\/\/mmth.de\/wp-content\/uploads\/2014\/01\/T640-150x150.jpg); width: 150px; height: 150px;\"><\/span><\/a>\n\t\t\t<a href=\"http:\/\/mmth.de\/wp-content\/uploads\/2014\/01\/T641.jpg\" title=\"T641\" rel=\"polaroid_391803410\" class=\"polaroid-gallery-item showcaption\"><span class=\"polaroid-gallery-image\" title=\"\" style=\"background-image: url(http:\/\/mmth.de\/wp-content\/uploads\/2014\/01\/T641-150x150.jpg); width: 150px; height: 150px;\"><\/span><\/a>\n\t\t\t<a href=\"http:\/\/mmth.de\/wp-content\/uploads\/2014\/01\/T642.jpg\" title=\"T642\" rel=\"polaroid_391803410\" class=\"polaroid-gallery-item showcaption\"><span class=\"polaroid-gallery-image\" title=\"\" style=\"background-image: url(http:\/\/mmth.de\/wp-content\/uploads\/2014\/01\/T642-150x150.jpg); width: 150px; height: 150px;\"><\/span><\/a>\n\t\t\t<br style=\"clear: both;\" \/><\/div>\n\n<p>\u00dcber Machico ging es dann zur\u00fcck nach Funchal.<\/p>\n<div class='polaroid-gallery galleryid-464' style='width:510px;'>\n\t\t\t<a href=\"http:\/\/mmth.de\/wp-content\/uploads\/2014\/01\/T650.jpg\" title=\"T650\" rel=\"polaroid_1703457438\" class=\"polaroid-gallery-item showcaption\"><span class=\"polaroid-gallery-image\" title=\"\" style=\"background-image: url(http:\/\/mmth.de\/wp-content\/uploads\/2014\/01\/T650-150x150.jpg); width: 150px; height: 150px;\"><\/span><\/a>\n\t\t\t<a href=\"http:\/\/mmth.de\/wp-content\/uploads\/2014\/01\/T651.jpg\" title=\"T651\" rel=\"polaroid_1703457438\" class=\"polaroid-gallery-item showcaption\"><span class=\"polaroid-gallery-image\" title=\"\" style=\"background-image: url(http:\/\/mmth.de\/wp-content\/uploads\/2014\/01\/T651-150x150.jpg); width: 150px; height: 150px;\"><\/span><\/a>\n\t\t\t<a href=\"http:\/\/mmth.de\/wp-content\/uploads\/2014\/01\/T652.jpg\" title=\"T652\" rel=\"polaroid_1703457438\" class=\"polaroid-gallery-item showcaption\"><span class=\"polaroid-gallery-image\" title=\"\" style=\"background-image: url(http:\/\/mmth.de\/wp-content\/uploads\/2014\/01\/T652-150x150.jpg); width: 150px; height: 150px;\"><\/span><\/a>\n\t\t\t<br style=\"clear: both;\" \/><\/div>\n\n","protected":false},"excerpt":{"rendered":"<p>Am Dienstag haben wir eine Taxi-Tour durch den Nord-Osten der Insel gebucht. Das ist wie eine Bus Tour &#8211; nur muss man nicht auf andere Leute warten. Zuerst ging es wieder auf den Monte &#8211; diesmal haben wir aber nicht &hellip; <a href=\"http:\/\/mmth.de\/?p=464\">Weiterlesen <span class=\"meta-nav\">&rarr;<\/span><\/a><\/p>\n","protected":false},"author":1,"featured_media":0,"comment_status":"open","ping_status":"open","sticky":false,"template":"","format":"standard","meta":{"footnotes":""},"categories":[4],"tags":[],"class_list":["post-464","post","type-post","status-publish","format-standard","hentry","category-urlaub"],"_links":{"self":[{"href":"http:\/\/mmth.de\/index.php?rest_route=\/wp\/v2\/posts\/464","targetHints":{"allow":["GET"]}}],"collection":[{"href":"http:\/\/mmth.de\/index.php?rest_route=\/wp\/v2\/posts"}],"about":[{"href":"http:\/\/mmth.de\/index.php?rest_route=\/wp\/v2\/types\/post"}],"author":[{"embeddable":true,"href":"http:\/\/mmth.de\/index.php?rest_route=\/wp\/v2\/users\/1"}],"replies":[{"embeddable":true,"href":"http:\/\/mmth.de\/index.php?rest_route=%2Fwp%2Fv2%2Fcomments&post=464"}],"version-history":[{"count":3,"href":"http:\/\/mmth.de\/index.php?rest_route=\/wp\/v2\/posts\/464\/revisions"}],"predecessor-version":[{"id":512,"href":"http:\/\/mmth.de\/index.php?rest_route=\/wp\/v2\/posts\/464\/revisions\/512"}],"wp:attachment":[{"href":"http:\/\/mmth.de\/index.php?rest_route=%2Fwp%2Fv2%2Fmedia&parent=464"}],"wp:term":[{"taxonomy":"category","embeddable":true,"href":"http:\/\/mmth.de\/index.php?rest_route=%2Fwp%2Fv2%2Fcategories&post=464"},{"taxonomy":"post_tag","embeddable":true,"href":"http:\/\/mmth.de\/index.php?rest_route=%2Fwp%2Fv2%2Ftags&post=464"}],"curies":[{"name":"wp","href":"https:\/\/api.w.org\/{rel}","templated":true}]}}