{"id":347,"date":"2014-01-24T12:25:47","date_gmt":"2014-01-24T11:25:47","guid":{"rendered":"http:\/\/blog.auchmonoabspielbar.de\/?p=347"},"modified":"2014-01-24T12:52:10","modified_gmt":"2014-01-24T11:52:10","slug":"madeira-funchal-3-tag-bustour-ueber-den-westteil-der-insel","status":"publish","type":"post","link":"http:\/\/mmth.de\/?p=347","title":{"rendered":"Madeira\/ Funchal: 3. Tag &#8211; Bustour \u00fcber den Westteil der Insel"},"content":{"rendered":"<p>F\u00fcr den Samstag hatten wir eine Bustour \u00fcber den S\u00fcd-Westen der Insel gebucht.<\/p>\n<p>Zuerst ging es die K\u00fcste entlang zum Cabo Girao. Dieser Aussichtspunkt ist an dem zweit-h\u00f6chsten Steilk\u00fcstenfelsen der Welt (so sagt man es auf Madeira). Von einer Glasplattform aus kann man 580 Meter senkrecht in die Tiefe sehen.<\/p>\n<div class='polaroid-gallery galleryid-347' style='width:510px;'>\n\t\t\t<a href=\"http:\/\/mmth.de\/wp-content\/uploads\/2014\/01\/T301.jpg\" title=\"T301\" rel=\"polaroid_596297168\" class=\"polaroid-gallery-item showcaption\"><span class=\"polaroid-gallery-image\" title=\"Camara de Lobos\" style=\"background-image: url(http:\/\/mmth.de\/wp-content\/uploads\/2014\/01\/T301-150x150.jpg); width: 150px; height: 150px;\"><\/span><\/a>\n\t\t\t<a href=\"http:\/\/mmth.de\/wp-content\/uploads\/2014\/01\/T302.jpg\" title=\"T302\" rel=\"polaroid_596297168\" class=\"polaroid-gallery-item showcaption\"><span class=\"polaroid-gallery-image\" title=\"Cabo Girao\" style=\"background-image: url(http:\/\/mmth.de\/wp-content\/uploads\/2014\/01\/T302-150x150.jpg); width: 150px; height: 150px;\"><\/span><\/a>\n\t\t\t<a href=\"http:\/\/mmth.de\/wp-content\/uploads\/2014\/01\/T303.jpg\" title=\"T303\" rel=\"polaroid_596297168\" class=\"polaroid-gallery-item showcaption\"><span class=\"polaroid-gallery-image\" title=\"580 Meter abw\u00e4rts\" style=\"background-image: url(http:\/\/mmth.de\/wp-content\/uploads\/2014\/01\/T303-150x150.jpg); width: 150px; height: 150px;\"><\/span><\/a>\n\t\t\t<br style=\"clear: both;\" \/>\n\t\t\t<a href=\"http:\/\/mmth.de\/wp-content\/uploads\/2014\/01\/T304.jpg\" title=\"T304\" rel=\"polaroid_596297168\" class=\"polaroid-gallery-item showcaption\"><span class=\"polaroid-gallery-image\" title=\"Nochmal abw\u00e4rts\" style=\"background-image: url(http:\/\/mmth.de\/wp-content\/uploads\/2014\/01\/T304-150x150.jpg); width: 150px; height: 150px;\"><\/span><\/a>\n\t\t\t<a href=\"http:\/\/mmth.de\/wp-content\/uploads\/2014\/01\/T305.jpg\" title=\"T305\" rel=\"polaroid_596297168\" class=\"polaroid-gallery-item showcaption\"><span class=\"polaroid-gallery-image\" title=\"Richtung Funchal\" style=\"background-image: url(http:\/\/mmth.de\/wp-content\/uploads\/2014\/01\/T305-150x150.jpg); width: 150px; height: 150px;\"><\/span><\/a>\n\t\t\t<a href=\"http:\/\/mmth.de\/wp-content\/uploads\/2014\/01\/T306.jpg\" title=\"T306\" rel=\"polaroid_596297168\" class=\"polaroid-gallery-item showcaption\"><span class=\"polaroid-gallery-image\" title=\"Musste sein&#8230;\" style=\"background-image: url(http:\/\/mmth.de\/wp-content\/uploads\/2014\/01\/T306-150x150.jpg); width: 150px; height: 150px;\"><\/span><\/a>\n\t\t\t<br style=\"clear: both;\" \/>\n\t\t\t<a href=\"http:\/\/mmth.de\/wp-content\/uploads\/2014\/01\/T307.jpg\" title=\"T307\" rel=\"polaroid_596297168\" class=\"polaroid-gallery-item showcaption\"><span class=\"polaroid-gallery-image\" title=\"&#8230; das auch.\" style=\"background-image: url(http:\/\/mmth.de\/wp-content\/uploads\/2014\/01\/T307-150x150.jpg); width: 150px; height: 150px;\"><\/span><\/a>\n\t\t\t<a href=\"http:\/\/mmth.de\/wp-content\/uploads\/2014\/01\/T308.jpg\" title=\"T308\" rel=\"polaroid_596297168\" class=\"polaroid-gallery-item showcaption\"><span class=\"polaroid-gallery-image\" title=\"Der Beweis.\" style=\"background-image: url(http:\/\/mmth.de\/wp-content\/uploads\/2014\/01\/T308-150x150.jpg); width: 150px; height: 150px;\"><\/span><\/a>\n\t\t\t<br style=\"clear: both;\" \/><\/div>\n\n<p>Weiter ging es dann Richtung Ribeira Brava und dann weiter ins Landesinnere. Leider war es an diesem Tag in der Hochebene sehr nebelig, so dass ich dummerweise keine Bilder von den riesigen gelben Stechginsterfeldern gemacht habe. N\u00e4chstes Ziel war dann Porto Moniz. <\/p>\n<p>\u00dcber endlose Serpetinen qu\u00e4lt sich der Bus die Steilk\u00fcste rauf und runter. Bis zu einem Meerwasser Schwimmbad im Lavagestein &#8211; welches aber verst\u00e4ndlicherweise geschlossen war.<\/p>\n<div class='polaroid-gallery galleryid-347' style='width:510px;'>\n\t\t\t<a href=\"http:\/\/mmth.de\/wp-content\/uploads\/2014\/01\/T310.jpg\" title=\"T310\" rel=\"polaroid_1503786024\" class=\"polaroid-gallery-item showcaption\"><span class=\"polaroid-gallery-image\" title=\"\" style=\"background-image: url(http:\/\/mmth.de\/wp-content\/uploads\/2014\/01\/T310-150x150.jpg); width: 150px; height: 150px;\"><\/span><\/a>\n\t\t\t<a href=\"http:\/\/mmth.de\/wp-content\/uploads\/2014\/01\/T311.jpg\" title=\"T311\" rel=\"polaroid_1503786024\" class=\"polaroid-gallery-item showcaption\"><span class=\"polaroid-gallery-image\" title=\"\" style=\"background-image: url(http:\/\/mmth.de\/wp-content\/uploads\/2014\/01\/T311-150x150.jpg); width: 150px; height: 150px;\"><\/span><\/a>\n\t\t\t<a href=\"http:\/\/mmth.de\/wp-content\/uploads\/2014\/01\/T312.jpg\" title=\"T312\" rel=\"polaroid_1503786024\" class=\"polaroid-gallery-item showcaption\"><span class=\"polaroid-gallery-image\" title=\"\" style=\"background-image: url(http:\/\/mmth.de\/wp-content\/uploads\/2014\/01\/T312-150x150.jpg); width: 150px; height: 150px;\"><\/span><\/a>\n\t\t\t<br style=\"clear: both;\" \/>\n\t\t\t<a href=\"http:\/\/mmth.de\/wp-content\/uploads\/2014\/01\/T313.jpg\" title=\"T313\" rel=\"polaroid_1503786024\" class=\"polaroid-gallery-item showcaption\"><span class=\"polaroid-gallery-image\" title=\"\" style=\"background-image: url(http:\/\/mmth.de\/wp-content\/uploads\/2014\/01\/T313-150x150.jpg); width: 150px; height: 150px;\"><\/span><\/a>\n\t\t\t<a href=\"http:\/\/mmth.de\/wp-content\/uploads\/2014\/01\/T314.jpg\" title=\"T314\" rel=\"polaroid_1503786024\" class=\"polaroid-gallery-item showcaption\"><span class=\"polaroid-gallery-image\" title=\"\" style=\"background-image: url(http:\/\/mmth.de\/wp-content\/uploads\/2014\/01\/T314-150x150.jpg); width: 150px; height: 150px;\"><\/span><\/a>\n\t\t\t<a href=\"http:\/\/mmth.de\/wp-content\/uploads\/2014\/01\/T315.jpg\" title=\"T315\" rel=\"polaroid_1503786024\" class=\"polaroid-gallery-item showcaption\"><span class=\"polaroid-gallery-image\" title=\"\" style=\"background-image: url(http:\/\/mmth.de\/wp-content\/uploads\/2014\/01\/T315-150x150.jpg); width: 150px; height: 150px;\"><\/span><\/a>\n\t\t\t<br style=\"clear: both;\" \/><\/div>\n\n<p>An der Steilk\u00fcste geht die Stra\u00dfe nicht immer weiter. Allerdings sind diese alten Stra\u00dfen mittlerweile h\u00e4uft durch Tunnel ersetzt worden, die etwas weiter im Landesinneren verlaufen. Diese Fotos sind bei Seixal entstanden.<\/p>\n<div class='polaroid-gallery galleryid-347' style='width:510px;'>\n\t\t\t<a href=\"http:\/\/mmth.de\/wp-content\/uploads\/2014\/01\/T320.jpg\" title=\"T320\" rel=\"polaroid_1253091266\" class=\"polaroid-gallery-item showcaption\"><span class=\"polaroid-gallery-image\" title=\"Ein Wasserfall\" style=\"background-image: url(http:\/\/mmth.de\/wp-content\/uploads\/2014\/01\/T320-150x150.jpg); width: 150px; height: 150px;\"><\/span><\/a>\n\t\t\t<a href=\"http:\/\/mmth.de\/wp-content\/uploads\/2014\/01\/T321.jpg\" title=\"T321\" rel=\"polaroid_1253091266\" class=\"polaroid-gallery-item showcaption\"><span class=\"polaroid-gallery-image\" title=\"Es geht nich weiter\" style=\"background-image: url(http:\/\/mmth.de\/wp-content\/uploads\/2014\/01\/T321-150x150.jpg); width: 150px; height: 150px;\"><\/span><\/a>\n\t\t\t<a href=\"http:\/\/mmth.de\/wp-content\/uploads\/2014\/01\/T322.jpg\" title=\"T322\" rel=\"polaroid_1253091266\" class=\"polaroid-gallery-item showcaption\"><span class=\"polaroid-gallery-image\" title=\"Stra\u00dfe liegt im Meer\" style=\"background-image: url(http:\/\/mmth.de\/wp-content\/uploads\/2014\/01\/T322-150x150.jpg); width: 150px; height: 150px;\"><\/span><\/a>\n\t\t\t<br style=\"clear: both;\" \/>\n\t\t\t<a href=\"http:\/\/mmth.de\/wp-content\/uploads\/2014\/01\/T323.jpg\" title=\"T323\" rel=\"polaroid_1253091266\" class=\"polaroid-gallery-item showcaption\"><span class=\"polaroid-gallery-image\" title=\"Weitere Wasserf\u00e4lle\" style=\"background-image: url(http:\/\/mmth.de\/wp-content\/uploads\/2014\/01\/T323-150x150.jpg); width: 150px; height: 150px;\"><\/span><\/a>\n\t\t\t<br style=\"clear: both;\" \/><\/div>\n\n<p>Die letzte Station war dann bei Sao Vicente.<\/p>\n<div class='polaroid-gallery galleryid-347' style='width:510px;'>\n\t\t\t<a href=\"http:\/\/mmth.de\/wp-content\/uploads\/2014\/01\/T330.jpg\" title=\"T330\" rel=\"polaroid_1321661605\" class=\"polaroid-gallery-item showcaption\"><span class=\"polaroid-gallery-image\" title=\"\" style=\"background-image: url(http:\/\/mmth.de\/wp-content\/uploads\/2014\/01\/T330-150x150.jpg); width: 150px; height: 150px;\"><\/span><\/a>\n\t\t\t<a href=\"http:\/\/mmth.de\/wp-content\/uploads\/2014\/01\/T331.jpg\" title=\"T331\" rel=\"polaroid_1321661605\" class=\"polaroid-gallery-item showcaption\"><span class=\"polaroid-gallery-image\" title=\"\" style=\"background-image: url(http:\/\/mmth.de\/wp-content\/uploads\/2014\/01\/T331-150x150.jpg); width: 150px; height: 150px;\"><\/span><\/a>\n\t\t\t<a href=\"http:\/\/mmth.de\/wp-content\/uploads\/2014\/01\/T332.jpg\" title=\"T332\" rel=\"polaroid_1321661605\" class=\"polaroid-gallery-item showcaption\"><span class=\"polaroid-gallery-image\" title=\"\" style=\"background-image: url(http:\/\/mmth.de\/wp-content\/uploads\/2014\/01\/T332-150x150.jpg); width: 150px; height: 150px;\"><\/span><\/a>\n\t\t\t<br style=\"clear: both;\" \/><\/div>\n\n<p>Anschlie\u00dfend ging es zur\u00fcck nach Funchal.<\/p>\n","protected":false},"excerpt":{"rendered":"<p>F\u00fcr den Samstag hatten wir eine Bustour \u00fcber den S\u00fcd-Westen der Insel gebucht. Zuerst ging es die K\u00fcste entlang zum Cabo Girao. Dieser Aussichtspunkt ist an dem zweit-h\u00f6chsten Steilk\u00fcstenfelsen der Welt (so sagt man es auf Madeira). Von einer Glasplattform &hellip; <a href=\"http:\/\/mmth.de\/?p=347\">Weiterlesen <span class=\"meta-nav\">&rarr;<\/span><\/a><\/p>\n","protected":false},"author":1,"featured_media":0,"comment_status":"open","ping_status":"open","sticky":false,"template":"","format":"standard","meta":{"footnotes":""},"categories":[4],"tags":[],"class_list":["post-347","post","type-post","status-publish","format-standard","hentry","category-urlaub"],"_links":{"self":[{"href":"http:\/\/mmth.de\/index.php?rest_route=\/wp\/v2\/posts\/347","targetHints":{"allow":["GET"]}}],"collection":[{"href":"http:\/\/mmth.de\/index.php?rest_route=\/wp\/v2\/posts"}],"about":[{"href":"http:\/\/mmth.de\/index.php?rest_route=\/wp\/v2\/types\/post"}],"author":[{"embeddable":true,"href":"http:\/\/mmth.de\/index.php?rest_route=\/wp\/v2\/users\/1"}],"replies":[{"embeddable":true,"href":"http:\/\/mmth.de\/index.php?rest_route=%2Fwp%2Fv2%2Fcomments&post=347"}],"version-history":[{"count":7,"href":"http:\/\/mmth.de\/index.php?rest_route=\/wp\/v2\/posts\/347\/revisions"}],"predecessor-version":[{"id":375,"href":"http:\/\/mmth.de\/index.php?rest_route=\/wp\/v2\/posts\/347\/revisions\/375"}],"wp:attachment":[{"href":"http:\/\/mmth.de\/index.php?rest_route=%2Fwp%2Fv2%2Fmedia&parent=347"}],"wp:term":[{"taxonomy":"category","embeddable":true,"href":"http:\/\/mmth.de\/index.php?rest_route=%2Fwp%2Fv2%2Fcategories&post=347"},{"taxonomy":"post_tag","embeddable":true,"href":"http:\/\/mmth.de\/index.php?rest_route=%2Fwp%2Fv2%2Ftags&post=347"}],"curies":[{"name":"wp","href":"https:\/\/api.w.org\/{rel}","templated":true}]}}