{"id":2875,"date":"2025-09-13T19:34:02","date_gmt":"2025-09-13T17:34:02","guid":{"rendered":"https:\/\/mmth.de\/?p=2875"},"modified":"2025-09-13T19:34:02","modified_gmt":"2025-09-13T17:34:02","slug":"unser-gartenjahr-2025","status":"publish","type":"post","link":"http:\/\/mmth.de\/?p=2875","title":{"rendered":"Unser Gartenjahr 2025"},"content":{"rendered":"\n<p><\/p>\n\n\n\n<div class=\"wp-block-columns is-layout-flex wp-container-core-columns-is-layout-9d6595d7 wp-block-columns-is-layout-flex\">\n<div class=\"wp-block-column is-layout-flow wp-block-column-is-layout-flow\" style=\"flex-basis:33.33%\">\n<p>Im Herbst 2024 habe ich ziemlich viel umgegraben, vom Gras und Klee befreit und auch mehrere hundert Krokusse, Narzissen und Tulpenzwiebeln gesetzt. Dabei kommen aus dem Untergrund viele Steine ans Licht, diese wurden dann gleich zur Terrassierung der Beete verwendet. <\/p>\n<\/div>\n\n\n\n<div class=\"wp-block-column is-layout-flow wp-block-column-is-layout-flow\" style=\"flex-basis:66.66%\">\n<figure class=\"wp-block-image size-full\"><img loading=\"lazy\" decoding=\"async\" width=\"1600\" height=\"784\" src=\"http:\/\/mmth.de\/wp-content\/uploads\/2025\/09\/20-Garten-im-Winter.jpg\" alt=\"\" class=\"wp-image-2876\" srcset=\"http:\/\/mmth.de\/wp-content\/uploads\/2025\/09\/20-Garten-im-Winter.jpg 1600w, http:\/\/mmth.de\/wp-content\/uploads\/2025\/09\/20-Garten-im-Winter-300x147.jpg 300w, http:\/\/mmth.de\/wp-content\/uploads\/2025\/09\/20-Garten-im-Winter-768x376.jpg 768w, http:\/\/mmth.de\/wp-content\/uploads\/2025\/09\/20-Garten-im-Winter-1536x753.jpg 1536w\" sizes=\"auto, (max-width: 1600px) 100vw, 1600px\" \/><\/figure>\n<\/div>\n<\/div>\n\n\n\n<div class=\"wp-block-columns is-layout-flex wp-container-core-columns-is-layout-9d6595d7 wp-block-columns-is-layout-flex\">\n<div class=\"wp-block-column is-layout-flow wp-block-column-is-layout-flow\" style=\"flex-basis:66.66%\">\n<figure class=\"wp-block-image size-full\"><img loading=\"lazy\" decoding=\"async\" width=\"1600\" height=\"1067\" src=\"https:\/\/mmth.de\/wp-content\/uploads\/2025\/09\/21-Erste-Narzissen.jpg\" alt=\"\" class=\"wp-image-2877\" srcset=\"http:\/\/mmth.de\/wp-content\/uploads\/2025\/09\/21-Erste-Narzissen.jpg 1600w, http:\/\/mmth.de\/wp-content\/uploads\/2025\/09\/21-Erste-Narzissen-300x200.jpg 300w, http:\/\/mmth.de\/wp-content\/uploads\/2025\/09\/21-Erste-Narzissen-768x512.jpg 768w, http:\/\/mmth.de\/wp-content\/uploads\/2025\/09\/21-Erste-Narzissen-1536x1024.jpg 1536w\" sizes=\"auto, (max-width: 1600px) 100vw, 1600px\" \/><\/figure>\n<\/div>\n\n\n\n<div class=\"wp-block-column is-layout-flow wp-block-column-is-layout-flow\" style=\"flex-basis:33.33%\">\n<p>In diesem Jahr hat der Winter sehr lange gedauert. Einzelne Narzissen waren Ende M\u00e4rz sichtbar, die richtige Bl\u00fcte ging aber erst in der ersten Aprilwoche los. Es ist hoffnungslos zu versuchen, dass man 1400 qm in einen perfekten Garten umwandelt kann, stattdessen habe ich mich entschlossen, kleine Inseln mit Blumen im Gras anzulegen.<\/p>\n<\/div>\n<\/div>\n\n\n\n<div class=\"wp-block-columns is-layout-flex wp-container-core-columns-is-layout-9d6595d7 wp-block-columns-is-layout-flex\">\n<div class=\"wp-block-column is-layout-flow wp-block-column-is-layout-flow\" style=\"flex-basis:33.33%\">\n<p>Ende April kamen dann die Tulpen dazu. W\u00e4hrend fast alle Narzissen gekommen sind, hatte ich bei den Tulpen etwa ein drittel Ausf\u00e4lle. Ich wei\u00df nicht, ob es am Wetter lag oder ein Teil der Zwiebeln nicht besonders gut waren. F\u00fcr diesen Herbst habe ich aber bereits neue, zus\u00e4tzliche Tulpenzwiebeln eingekauft. Mal sehen, was im n\u00e4chsten Jahr dann kommt.<\/p>\n<\/div>\n\n\n\n<div class=\"wp-block-column is-layout-flow wp-block-column-is-layout-flow\" style=\"flex-basis:66.66%\">\n<figure class=\"wp-block-image size-full\"><img loading=\"lazy\" decoding=\"async\" width=\"1600\" height=\"1067\" src=\"http:\/\/mmth.de\/wp-content\/uploads\/2025\/09\/22-Tulpen.jpg\" alt=\"\" class=\"wp-image-2878\" srcset=\"http:\/\/mmth.de\/wp-content\/uploads\/2025\/09\/22-Tulpen.jpg 1600w, http:\/\/mmth.de\/wp-content\/uploads\/2025\/09\/22-Tulpen-300x200.jpg 300w, http:\/\/mmth.de\/wp-content\/uploads\/2025\/09\/22-Tulpen-768x512.jpg 768w, http:\/\/mmth.de\/wp-content\/uploads\/2025\/09\/22-Tulpen-1536x1024.jpg 1536w\" sizes=\"auto, (max-width: 1600px) 100vw, 1600px\" \/><\/figure>\n<\/div>\n<\/div>\n\n\n\n<div class=\"wp-block-columns is-layout-flex wp-container-core-columns-is-layout-9d6595d7 wp-block-columns-is-layout-flex\">\n<div class=\"wp-block-column is-layout-flow wp-block-column-is-layout-flow\" style=\"flex-basis:66.66%\">\n<figure class=\"wp-block-image size-full\"><img loading=\"lazy\" decoding=\"async\" width=\"1600\" height=\"1067\" src=\"https:\/\/mmth.de\/wp-content\/uploads\/2025\/09\/23-Sumpfdotterblumen.jpg\" alt=\"\" class=\"wp-image-2879\" srcset=\"http:\/\/mmth.de\/wp-content\/uploads\/2025\/09\/23-Sumpfdotterblumen.jpg 1600w, http:\/\/mmth.de\/wp-content\/uploads\/2025\/09\/23-Sumpfdotterblumen-300x200.jpg 300w, http:\/\/mmth.de\/wp-content\/uploads\/2025\/09\/23-Sumpfdotterblumen-768x512.jpg 768w, http:\/\/mmth.de\/wp-content\/uploads\/2025\/09\/23-Sumpfdotterblumen-1536x1024.jpg 1536w\" sizes=\"auto, (max-width: 1600px) 100vw, 1600px\" \/><\/figure>\n<\/div>\n\n\n\n<div class=\"wp-block-column is-layout-flow wp-block-column-is-layout-flow\" style=\"flex-basis:33.33%\">\n<p>Nicht von mir ausges\u00e4t, sondern von selbst kommen jedes Jahr sch\u00f6ne Sumpfdotterblumen mit sehr gro\u00dfen sonnengelben Bl\u00fcten. Es beginnt im April an den tieferen Stellen des Bachs und zieht sich mit Mitte Juni Talaufw\u00e4rts.<\/p>\n<\/div>\n<\/div>\n\n\n\n<div class=\"wp-block-columns is-layout-flex wp-container-core-columns-is-layout-9d6595d7 wp-block-columns-is-layout-flex\">\n<div class=\"wp-block-column is-layout-flow wp-block-column-is-layout-flow\" style=\"flex-basis:33.33%\">\n<p>In diesem Jahr hatten wir auch viele Bl\u00fcten an unseren Kirsch- und Apfelb\u00e4umen. Ich hatte mich schon auf eine gute Ernte gefreut, dann kamen aber Ende Mai nochmal mehrere Nachtfr\u00f6ste. Sie haben meine Kartoffeln und Dahlien gekillt, die zu diesem Zeitpunkt bereits ausgetrieben waren. Immerhin konnte ich rund 10 Kirschen ernten, bei \u00c4pfeln war es ein Totalausfall.<\/p>\n<\/div>\n\n\n\n<div class=\"wp-block-column is-layout-flow wp-block-column-is-layout-flow\" style=\"flex-basis:66.66%\">\n<figure class=\"wp-block-image size-full\"><img loading=\"lazy\" decoding=\"async\" width=\"1600\" height=\"1067\" src=\"https:\/\/mmth.de\/wp-content\/uploads\/2025\/09\/24-Kirsch-und-Apfelbluete.jpg\" alt=\"\" class=\"wp-image-2881\" srcset=\"http:\/\/mmth.de\/wp-content\/uploads\/2025\/09\/24-Kirsch-und-Apfelbluete.jpg 1600w, http:\/\/mmth.de\/wp-content\/uploads\/2025\/09\/24-Kirsch-und-Apfelbluete-300x200.jpg 300w, http:\/\/mmth.de\/wp-content\/uploads\/2025\/09\/24-Kirsch-und-Apfelbluete-768x512.jpg 768w, http:\/\/mmth.de\/wp-content\/uploads\/2025\/09\/24-Kirsch-und-Apfelbluete-1536x1024.jpg 1536w\" sizes=\"auto, (max-width: 1600px) 100vw, 1600px\" \/><\/figure>\n<\/div>\n<\/div>\n\n\n\n<div class=\"wp-block-columns is-layout-flex wp-container-core-columns-is-layout-9d6595d7 wp-block-columns-is-layout-flex\">\n<div class=\"wp-block-column is-layout-flow wp-block-column-is-layout-flow\">\n<figure class=\"wp-block-image size-full\"><img loading=\"lazy\" decoding=\"async\" width=\"1067\" height=\"1600\" src=\"https:\/\/mmth.de\/wp-content\/uploads\/2025\/09\/25-Lupine-Rot.jpg\" alt=\"\" class=\"wp-image-2882\" srcset=\"http:\/\/mmth.de\/wp-content\/uploads\/2025\/09\/25-Lupine-Rot.jpg 1067w, http:\/\/mmth.de\/wp-content\/uploads\/2025\/09\/25-Lupine-Rot-200x300.jpg 200w, http:\/\/mmth.de\/wp-content\/uploads\/2025\/09\/25-Lupine-Rot-768x1152.jpg 768w, http:\/\/mmth.de\/wp-content\/uploads\/2025\/09\/25-Lupine-Rot-1024x1536.jpg 1024w\" sizes=\"auto, (max-width: 1067px) 100vw, 1067px\" \/><\/figure>\n<\/div>\n\n\n\n<div class=\"wp-block-column is-layout-flow wp-block-column-is-layout-flow\">\n<figure class=\"wp-block-image size-full\"><img loading=\"lazy\" decoding=\"async\" width=\"1067\" height=\"1600\" src=\"https:\/\/mmth.de\/wp-content\/uploads\/2025\/09\/26-Lupine-Blau.jpg\" alt=\"\" class=\"wp-image-2883\" srcset=\"http:\/\/mmth.de\/wp-content\/uploads\/2025\/09\/26-Lupine-Blau.jpg 1067w, http:\/\/mmth.de\/wp-content\/uploads\/2025\/09\/26-Lupine-Blau-200x300.jpg 200w, http:\/\/mmth.de\/wp-content\/uploads\/2025\/09\/26-Lupine-Blau-768x1152.jpg 768w, http:\/\/mmth.de\/wp-content\/uploads\/2025\/09\/26-Lupine-Blau-1024x1536.jpg 1024w\" sizes=\"auto, (max-width: 1067px) 100vw, 1067px\" \/><\/figure>\n<\/div>\n\n\n\n<div class=\"wp-block-column is-layout-flow wp-block-column-is-layout-flow\">\n<p>Lupinen kommen bei uns auch in jedem Jahr von selber wieder. Wild gibt es die bei uns in Blau, wir haben aber zus\u00e4tzlich welche in Rot, Rosa und Wei\u00df. Ich denke, dass die aus einer Wildblumenmischung kommen die ich im ersten Jahr ausges\u00e4t hatte. Sie wachsen problemlos in der Wiese, ich muss lediglich darauf aufpassen, dass ich sie nicht versehentlich abm\u00e4he.<\/p>\n<\/div>\n<\/div>\n\n\n\n<div class=\"wp-block-columns is-layout-flex wp-container-core-columns-is-layout-9d6595d7 wp-block-columns-is-layout-flex\">\n<div class=\"wp-block-column is-layout-flow wp-block-column-is-layout-flow\" style=\"flex-basis:33.33%\">\n<p>Marion hatte im letzten Jahr auch eine gr\u00f6\u00dfere Zahl von Irisknollen gekauft. Damit habe ich zwei Beete &#8211; am Teich und an unserer Sitzecke angelegt. Es sind einige sehr sch\u00f6ne Bl\u00fctenformen und Farben dabei. Im ersten Jahr waren einige noch recht klein, aber ich denke, dass sie sich in den kommenden Jahren weiter ausbreiten werden und hoffentlich \u00fcppig bl\u00fchen werden.<\/p>\n<\/div>\n\n\n\n<div class=\"wp-block-column is-layout-flow wp-block-column-is-layout-flow\" style=\"flex-basis:66.66%\">\n<figure class=\"wp-block-image size-full\"><img loading=\"lazy\" decoding=\"async\" width=\"1600\" height=\"1067\" src=\"https:\/\/mmth.de\/wp-content\/uploads\/2025\/09\/27-Iris.jpg\" alt=\"\" class=\"wp-image-2884\" srcset=\"http:\/\/mmth.de\/wp-content\/uploads\/2025\/09\/27-Iris.jpg 1600w, http:\/\/mmth.de\/wp-content\/uploads\/2025\/09\/27-Iris-300x200.jpg 300w, http:\/\/mmth.de\/wp-content\/uploads\/2025\/09\/27-Iris-768x512.jpg 768w, http:\/\/mmth.de\/wp-content\/uploads\/2025\/09\/27-Iris-1536x1024.jpg 1536w\" sizes=\"auto, (max-width: 1600px) 100vw, 1600px\" \/><\/figure>\n<\/div>\n<\/div>\n\n\n\n<div class=\"wp-block-columns is-layout-flex wp-container-core-columns-is-layout-9d6595d7 wp-block-columns-is-layout-flex\">\n<div class=\"wp-block-column is-layout-flow wp-block-column-is-layout-flow\" style=\"flex-basis:66.66%\">\n<figure class=\"wp-block-image size-full\"><img loading=\"lazy\" decoding=\"async\" width=\"1600\" height=\"1067\" src=\"https:\/\/mmth.de\/wp-content\/uploads\/2025\/09\/28-Mohn.jpg\" alt=\"\" class=\"wp-image-2885\" srcset=\"http:\/\/mmth.de\/wp-content\/uploads\/2025\/09\/28-Mohn.jpg 1600w, http:\/\/mmth.de\/wp-content\/uploads\/2025\/09\/28-Mohn-300x200.jpg 300w, http:\/\/mmth.de\/wp-content\/uploads\/2025\/09\/28-Mohn-768x512.jpg 768w, http:\/\/mmth.de\/wp-content\/uploads\/2025\/09\/28-Mohn-1536x1024.jpg 1536w\" sizes=\"auto, (max-width: 1600px) 100vw, 1600px\" \/><\/figure>\n<\/div>\n\n\n\n<div class=\"wp-block-column is-layout-flow wp-block-column-is-layout-flow\" style=\"flex-basis:33.33%\">\n<p>Mohn geh\u00f6rt bei uns wieder zu den Pflanzen, die ich nicht auss\u00e4hen muss. Ich achte darauf, dass die Bl\u00fcte zur Samenbildung lange stehen bleibt. Wir haben an vielen Stellen wild aus gesamten Mohn, vorwiegend kr\u00e4ftig rot, aber auch rosa und orange Varianten. <\/p>\n<\/div>\n<\/div>\n\n\n\n<div class=\"wp-block-columns is-layout-flex wp-container-core-columns-is-layout-9d6595d7 wp-block-columns-is-layout-flex\">\n<div class=\"wp-block-column is-layout-flow wp-block-column-is-layout-flow\" style=\"flex-basis:33.33%\">\n<p>Der Streifen am Bach wird von einer Wildblumenwiese eingenommen. Diese muss ich aber jedes Jahr neu auss\u00e4en, da sonst fast nur Gras und Klee w\u00e4chst. Lediglich Mohn und Schafgarbe kommen von selber. Im Untergrund wachsen auch noch Erdbeeren, die an diesem S\u00fcdhang wie Unkraut wachsen.<\/p>\n<\/div>\n\n\n\n<div class=\"wp-block-column is-layout-flow wp-block-column-is-layout-flow\" style=\"flex-basis:66.66%\">\n<figure class=\"wp-block-image size-full\"><img loading=\"lazy\" decoding=\"async\" width=\"1600\" height=\"1067\" src=\"https:\/\/mmth.de\/wp-content\/uploads\/2025\/09\/29-Wildblumen.jpg\" alt=\"\" class=\"wp-image-2886\" srcset=\"http:\/\/mmth.de\/wp-content\/uploads\/2025\/09\/29-Wildblumen.jpg 1600w, http:\/\/mmth.de\/wp-content\/uploads\/2025\/09\/29-Wildblumen-300x200.jpg 300w, http:\/\/mmth.de\/wp-content\/uploads\/2025\/09\/29-Wildblumen-768x512.jpg 768w, http:\/\/mmth.de\/wp-content\/uploads\/2025\/09\/29-Wildblumen-1536x1024.jpg 1536w\" sizes=\"auto, (max-width: 1600px) 100vw, 1600px\" \/><\/figure>\n<\/div>\n<\/div>\n\n\n\n<div class=\"wp-block-columns is-layout-flex wp-container-core-columns-is-layout-9d6595d7 wp-block-columns-is-layout-flex\">\n<div class=\"wp-block-column is-layout-flow wp-block-column-is-layout-flow\" style=\"flex-basis:66.66%\">\n<figure class=\"wp-block-image size-full\"><img loading=\"lazy\" decoding=\"async\" width=\"1600\" height=\"1067\" src=\"https:\/\/mmth.de\/wp-content\/uploads\/2025\/09\/30-Wicken.jpg\" alt=\"\" class=\"wp-image-2887\" srcset=\"http:\/\/mmth.de\/wp-content\/uploads\/2025\/09\/30-Wicken.jpg 1600w, http:\/\/mmth.de\/wp-content\/uploads\/2025\/09\/30-Wicken-300x200.jpg 300w, http:\/\/mmth.de\/wp-content\/uploads\/2025\/09\/30-Wicken-768x512.jpg 768w, http:\/\/mmth.de\/wp-content\/uploads\/2025\/09\/30-Wicken-1536x1024.jpg 1536w\" sizes=\"auto, (max-width: 1600px) 100vw, 1600px\" \/><\/figure>\n<\/div>\n\n\n\n<div class=\"wp-block-column is-layout-flow wp-block-column-is-layout-flow\" style=\"flex-basis:33.33%\">\n<p>In diesem Jahr habe ich auch Wicken ausges\u00e4t. Sie sind nicht so \u00fcppig wie erhofft, haben aber tolle Farben und auch einen angenehmen Duft. Das werde ich im kommenden Jahr auf jeden Fall wiederholen.<\/p>\n<\/div>\n<\/div>\n\n\n\n<div class=\"wp-block-columns is-layout-flex wp-container-core-columns-is-layout-9d6595d7 wp-block-columns-is-layout-flex\">\n<div class=\"wp-block-column is-layout-flow wp-block-column-is-layout-flow\" style=\"flex-basis:33.33%\">\n<p>In den beiden Hochbeeten hatten wir in diesem Jahr erfolgreich Salat und Kohlrabi gezogen. An den Rand hatte ich Brunnenkresse ausges\u00e4t, in der Hoffnung, dass sie sch\u00f6n \u00fcber den Rand w\u00e4chst. Sie hatte allerdings andere Vorstellungen und hat das komplette Beet \u00fcbernommen. Sehr zum Leidwesen der roten Beete und vom Dill. Sieht aber toll aus und ich konnte mich nicht \u00fcberwinden, sie einzud\u00e4mmen. <\/p>\n<\/div>\n\n\n\n<div class=\"wp-block-column is-layout-flow wp-block-column-is-layout-flow\" style=\"flex-basis:66.66%\">\n<figure class=\"wp-block-image size-full\"><img loading=\"lazy\" decoding=\"async\" width=\"1600\" height=\"1067\" src=\"https:\/\/mmth.de\/wp-content\/uploads\/2025\/09\/31-Kresse.jpg\" alt=\"\" class=\"wp-image-2888\" srcset=\"http:\/\/mmth.de\/wp-content\/uploads\/2025\/09\/31-Kresse.jpg 1600w, http:\/\/mmth.de\/wp-content\/uploads\/2025\/09\/31-Kresse-300x200.jpg 300w, http:\/\/mmth.de\/wp-content\/uploads\/2025\/09\/31-Kresse-768x512.jpg 768w, http:\/\/mmth.de\/wp-content\/uploads\/2025\/09\/31-Kresse-1536x1024.jpg 1536w\" sizes=\"auto, (max-width: 1600px) 100vw, 1600px\" \/><\/figure>\n<\/div>\n<\/div>\n\n\n\n<div class=\"wp-block-columns is-layout-flex wp-container-core-columns-is-layout-9d6595d7 wp-block-columns-is-layout-flex\">\n<div class=\"wp-block-column is-layout-flow wp-block-column-is-layout-flow\" style=\"flex-basis:66.66%\">\n<figure class=\"wp-block-image size-full\"><img loading=\"lazy\" decoding=\"async\" width=\"1600\" height=\"1067\" src=\"https:\/\/mmth.de\/wp-content\/uploads\/2025\/09\/32-Sonnenblumen.jpg\" alt=\"\" class=\"wp-image-2889\" srcset=\"http:\/\/mmth.de\/wp-content\/uploads\/2025\/09\/32-Sonnenblumen.jpg 1600w, http:\/\/mmth.de\/wp-content\/uploads\/2025\/09\/32-Sonnenblumen-300x200.jpg 300w, http:\/\/mmth.de\/wp-content\/uploads\/2025\/09\/32-Sonnenblumen-768x512.jpg 768w, http:\/\/mmth.de\/wp-content\/uploads\/2025\/09\/32-Sonnenblumen-1536x1024.jpg 1536w\" sizes=\"auto, (max-width: 1600px) 100vw, 1600px\" \/><\/figure>\n<\/div>\n\n\n\n<div class=\"wp-block-column is-layout-flow wp-block-column-is-layout-flow\" style=\"flex-basis:33.33%\">\n<p>Im letzten Jahr hatte ich ein paar Sonnenblumen ausges\u00e4t die auch sch\u00f6n gebl\u00fcht haben. Daraus ist dann viel selbst gesammeltes Saatgut entstanden. Aus diesem Grund habe ich in diesem Jahr \u00fcber 30 Sonnenblumen. Die gr\u00f6\u00dfte ich rund 3 Meter hoch, wurde aber in den letzten Tagen stark durch den Regen gebeutelt.<\/p>\n<\/div>\n<\/div>\n\n\n\n<p>Insgesamt hatten wir ein erfolgreiches Gartenjahr. Wir haben so viel Zucchini geerntet, dass ich ihn monatelang nicht mehr sehen mag. Auch Kohlrabi und Feuerbohnen haben \u00fcber Wochen zu einem etwas einseitigen Gem\u00fcseerlebnis gef\u00fchrt. Und wir hatten viele Bl\u00fcten im Garten, f\u00fcr die Insekten aber auch f\u00fcr und selber. Eine Spazierg\u00e4ngerin, die vorbeilief als ich im Garten gearbeitet hatte, meinte zu mir &#8222;hier bl\u00fcht ja mehr als auf der Gartenschau&#8220; (in Baiersbronn, unserer Nachbargemeinde). Ich mache den Garten vorwiegend f\u00fcr uns selber, aber ich freue mich nat\u00fcrlich dar\u00fcber, wenn er auch anderen gef\u00e4llt.<\/p>\n\n\n\n<figure class=\"wp-block-image size-large\"><img loading=\"lazy\" decoding=\"async\" width=\"2048\" height=\"1365\" src=\"https:\/\/mmth.de\/wp-content\/uploads\/2025\/09\/33-Herbstgarten-2048x1365.jpg\" alt=\"\" class=\"wp-image-2890\" srcset=\"http:\/\/mmth.de\/wp-content\/uploads\/2025\/09\/33-Herbstgarten-2048x1365.jpg 2048w, http:\/\/mmth.de\/wp-content\/uploads\/2025\/09\/33-Herbstgarten-300x200.jpg 300w, http:\/\/mmth.de\/wp-content\/uploads\/2025\/09\/33-Herbstgarten-768x512.jpg 768w, http:\/\/mmth.de\/wp-content\/uploads\/2025\/09\/33-Herbstgarten-1536x1024.jpg 1536w\" sizes=\"auto, (max-width: 2048px) 100vw, 2048px\" \/><\/figure>\n","protected":false},"excerpt":{"rendered":"<p>Im Herbst 2024 habe ich ziemlich viel umgegraben, vom Gras und Klee befreit und auch mehrere hundert Krokusse, Narzissen und Tulpenzwiebeln gesetzt. Dabei kommen aus dem Untergrund viele Steine ans Licht, diese wurden dann gleich zur Terrassierung der Beete verwendet. &hellip; <a href=\"http:\/\/mmth.de\/?p=2875\">Weiterlesen <span class=\"meta-nav\">&rarr;<\/span><\/a><\/p>\n","protected":false},"author":1,"featured_media":0,"comment_status":"closed","ping_status":"closed","sticky":false,"template":"","format":"standard","meta":{"footnotes":""},"categories":[3,40],"tags":[],"class_list":["post-2875","post","type-post","status-publish","format-standard","hentry","category-bilder","category-enzkloesterle"],"_links":{"self":[{"href":"http:\/\/mmth.de\/index.php?rest_route=\/wp\/v2\/posts\/2875","targetHints":{"allow":["GET"]}}],"collection":[{"href":"http:\/\/mmth.de\/index.php?rest_route=\/wp\/v2\/posts"}],"about":[{"href":"http:\/\/mmth.de\/index.php?rest_route=\/wp\/v2\/types\/post"}],"author":[{"embeddable":true,"href":"http:\/\/mmth.de\/index.php?rest_route=\/wp\/v2\/users\/1"}],"replies":[{"embeddable":true,"href":"http:\/\/mmth.de\/index.php?rest_route=%2Fwp%2Fv2%2Fcomments&post=2875"}],"version-history":[{"count":2,"href":"http:\/\/mmth.de\/index.php?rest_route=\/wp\/v2\/posts\/2875\/revisions"}],"predecessor-version":[{"id":2891,"href":"http:\/\/mmth.de\/index.php?rest_route=\/wp\/v2\/posts\/2875\/revisions\/2891"}],"wp:attachment":[{"href":"http:\/\/mmth.de\/index.php?rest_route=%2Fwp%2Fv2%2Fmedia&parent=2875"}],"wp:term":[{"taxonomy":"category","embeddable":true,"href":"http:\/\/mmth.de\/index.php?rest_route=%2Fwp%2Fv2%2Fcategories&post=2875"},{"taxonomy":"post_tag","embeddable":true,"href":"http:\/\/mmth.de\/index.php?rest_route=%2Fwp%2Fv2%2Ftags&post=2875"}],"curies":[{"name":"wp","href":"https:\/\/api.w.org\/{rel}","templated":true}]}}