{"id":2548,"date":"2023-06-29T21:34:07","date_gmt":"2023-06-29T19:34:07","guid":{"rendered":"http:\/\/mmth.de\/?p=2548"},"modified":"2023-06-29T21:34:07","modified_gmt":"2023-06-29T19:34:07","slug":"fortschritte-im-garten","status":"publish","type":"post","link":"http:\/\/mmth.de\/?p=2548","title":{"rendered":"Fortschritte im Garten"},"content":{"rendered":"\n<p>Da die Garage erst im Sp\u00e4therbst 2022 fertig gestellt wurde, konnten wir in diesem Jahr nicht mehr mit der Gartengestaltung anfangen. Da ein Teil des Grundst\u00fccks \u00dcberschwemmungsgebiet des Kaltenbachs ist, wollte ich nicht, dass zur Schneeschmelze die nackte Erde brach liegt und weggeschwemmt wird (allerdings hat es in diesem Winter sehr wenig Schnee gegeben und damit auch keine \u00dcberschwemmung).<\/p>\n\n\n\n<p>Nach Ostern wollte der Gartenbauer anfangen &#8211; allerdings hatten wir einen sehr nassen Mai. Das hat alle Termine verschoben und somit wurde auch bei uns erst im Juni wirklich ernsthaft gearbeitet. Es musst viel Erde verschoben werden, die vom Hausbau in gro\u00dfen Haufen herum lag. Nun haben wir einen vern\u00fcnftigen Vorgarten. Leider ist die Hauptpflanzzeit f\u00fcr Sommerblumen schon vorbei, aber wir haben zumindest etwas Farbe in den Garten gebracht. <\/p>\n\n\n\n<figure class=\"wp-block-gallery has-nested-images columns-2 is-cropped wp-block-gallery-1 is-layout-flex wp-block-gallery-is-layout-flex\">\n<figure class=\"wp-block-image size-full\"><a href=\"http:\/\/mmth.de\/wp-content\/uploads\/2023\/06\/30-Bagger-im-Garten.jpg\"><img loading=\"lazy\" decoding=\"async\" width=\"1920\" height=\"1446\" data-id=\"2550\" src=\"http:\/\/mmth.de\/wp-content\/uploads\/2023\/06\/30-Bagger-im-Garten.jpg\" alt=\"\" class=\"wp-image-2550\" srcset=\"http:\/\/mmth.de\/wp-content\/uploads\/2023\/06\/30-Bagger-im-Garten.jpg 1920w, http:\/\/mmth.de\/wp-content\/uploads\/2023\/06\/30-Bagger-im-Garten-300x226.jpg 300w, http:\/\/mmth.de\/wp-content\/uploads\/2023\/06\/30-Bagger-im-Garten-768x578.jpg 768w, http:\/\/mmth.de\/wp-content\/uploads\/2023\/06\/30-Bagger-im-Garten-1536x1157.jpg 1536w\" sizes=\"auto, (max-width: 1920px) 100vw, 1920px\" \/><\/a><\/figure>\n\n\n\n<figure class=\"wp-block-image size-full\"><a href=\"http:\/\/mmth.de\/wp-content\/uploads\/2023\/06\/31-Erste-Pflanzen-im-Vorgarten.jpg\"><img loading=\"lazy\" decoding=\"async\" width=\"1920\" height=\"1446\" data-id=\"2549\" src=\"http:\/\/mmth.de\/wp-content\/uploads\/2023\/06\/31-Erste-Pflanzen-im-Vorgarten.jpg\" alt=\"\" class=\"wp-image-2549\" srcset=\"http:\/\/mmth.de\/wp-content\/uploads\/2023\/06\/31-Erste-Pflanzen-im-Vorgarten.jpg 1920w, http:\/\/mmth.de\/wp-content\/uploads\/2023\/06\/31-Erste-Pflanzen-im-Vorgarten-300x226.jpg 300w, http:\/\/mmth.de\/wp-content\/uploads\/2023\/06\/31-Erste-Pflanzen-im-Vorgarten-768x578.jpg 768w, http:\/\/mmth.de\/wp-content\/uploads\/2023\/06\/31-Erste-Pflanzen-im-Vorgarten-1536x1157.jpg 1536w\" sizes=\"auto, (max-width: 1920px) 100vw, 1920px\" \/><\/a><\/figure>\n\n\n\n<figure class=\"wp-block-image size-full\"><a href=\"http:\/\/mmth.de\/wp-content\/uploads\/2023\/06\/32-Weitere-Pflanzen-im-Vorgarten.jpg\"><img loading=\"lazy\" decoding=\"async\" width=\"1920\" height=\"1446\" data-id=\"2551\" src=\"http:\/\/mmth.de\/wp-content\/uploads\/2023\/06\/32-Weitere-Pflanzen-im-Vorgarten.jpg\" alt=\"\" class=\"wp-image-2551\" srcset=\"http:\/\/mmth.de\/wp-content\/uploads\/2023\/06\/32-Weitere-Pflanzen-im-Vorgarten.jpg 1920w, http:\/\/mmth.de\/wp-content\/uploads\/2023\/06\/32-Weitere-Pflanzen-im-Vorgarten-300x226.jpg 300w, http:\/\/mmth.de\/wp-content\/uploads\/2023\/06\/32-Weitere-Pflanzen-im-Vorgarten-768x578.jpg 768w, http:\/\/mmth.de\/wp-content\/uploads\/2023\/06\/32-Weitere-Pflanzen-im-Vorgarten-1536x1157.jpg 1536w\" sizes=\"auto, (max-width: 1920px) 100vw, 1920px\" \/><\/a><\/figure>\n<\/figure>\n\n\n\n<p>Mit aus Weil der Stadt sind unsere beiden Schafe umgezogen, die wir von Gernot und Eike dort zum Umzug geschenkt bekommen haben. Die Farbe hat in den letzten 25 Jahren etwas gelitten und die Form ist etwas verwittert, aber sie werden uns trotzdem auch die n\u00e4chsten 25 Jahre begleiten.<\/p>\n\n\n\n<figure class=\"wp-block-image size-full\"><img loading=\"lazy\" decoding=\"async\" width=\"1600\" height=\"1459\" src=\"http:\/\/mmth.de\/wp-content\/uploads\/2023\/06\/33-Schafe-aus-Weil-der-Stadt.jpg\" alt=\"\" class=\"wp-image-2552\" srcset=\"http:\/\/mmth.de\/wp-content\/uploads\/2023\/06\/33-Schafe-aus-Weil-der-Stadt.jpg 1600w, http:\/\/mmth.de\/wp-content\/uploads\/2023\/06\/33-Schafe-aus-Weil-der-Stadt-300x274.jpg 300w, http:\/\/mmth.de\/wp-content\/uploads\/2023\/06\/33-Schafe-aus-Weil-der-Stadt-768x700.jpg 768w, http:\/\/mmth.de\/wp-content\/uploads\/2023\/06\/33-Schafe-aus-Weil-der-Stadt-1536x1401.jpg 1536w\" sizes=\"auto, (max-width: 1600px) 100vw, 1600px\" \/><\/figure>\n\n\n\n<p>Der Hauptgarten hinter dem Haus wird zum gr\u00f6\u00dften Teil als Wildblumenwiese\/ Streuobstwiese ausgelegt mit ein paar Blumenbeeten und Gem\u00fcsebeeten. Im Augenblick steht erst mal nur unsere Sommer-Sitzecke unter der Erle am Bach.<\/p>\n\n\n\n<figure class=\"wp-block-image size-full\"><img loading=\"lazy\" decoding=\"async\" width=\"1920\" height=\"1446\" src=\"http:\/\/mmth.de\/wp-content\/uploads\/2023\/06\/34-Noch-keine-Pflanzen-im-Garten.jpg\" alt=\"\" class=\"wp-image-2553\" srcset=\"http:\/\/mmth.de\/wp-content\/uploads\/2023\/06\/34-Noch-keine-Pflanzen-im-Garten.jpg 1920w, http:\/\/mmth.de\/wp-content\/uploads\/2023\/06\/34-Noch-keine-Pflanzen-im-Garten-300x226.jpg 300w, http:\/\/mmth.de\/wp-content\/uploads\/2023\/06\/34-Noch-keine-Pflanzen-im-Garten-768x578.jpg 768w, http:\/\/mmth.de\/wp-content\/uploads\/2023\/06\/34-Noch-keine-Pflanzen-im-Garten-1536x1157.jpg 1536w\" sizes=\"auto, (max-width: 1920px) 100vw, 1920px\" \/><\/figure>\n","protected":false},"excerpt":{"rendered":"<p>Da die Garage erst im Sp\u00e4therbst 2022 fertig gestellt wurde, konnten wir in diesem Jahr nicht mehr mit der Gartengestaltung anfangen. Da ein Teil des Grundst\u00fccks \u00dcberschwemmungsgebiet des Kaltenbachs ist, wollte ich nicht, dass zur Schneeschmelze die nackte Erde brach &hellip; <a href=\"http:\/\/mmth.de\/?p=2548\">Weiterlesen <span class=\"meta-nav\">&rarr;<\/span><\/a><\/p>\n","protected":false},"author":1,"featured_media":0,"comment_status":"closed","ping_status":"closed","sticky":false,"template":"","format":"standard","meta":{"footnotes":""},"categories":[3],"tags":[],"class_list":["post-2548","post","type-post","status-publish","format-standard","hentry","category-bilder"],"_links":{"self":[{"href":"http:\/\/mmth.de\/index.php?rest_route=\/wp\/v2\/posts\/2548","targetHints":{"allow":["GET"]}}],"collection":[{"href":"http:\/\/mmth.de\/index.php?rest_route=\/wp\/v2\/posts"}],"about":[{"href":"http:\/\/mmth.de\/index.php?rest_route=\/wp\/v2\/types\/post"}],"author":[{"embeddable":true,"href":"http:\/\/mmth.de\/index.php?rest_route=\/wp\/v2\/users\/1"}],"replies":[{"embeddable":true,"href":"http:\/\/mmth.de\/index.php?rest_route=%2Fwp%2Fv2%2Fcomments&post=2548"}],"version-history":[{"count":1,"href":"http:\/\/mmth.de\/index.php?rest_route=\/wp\/v2\/posts\/2548\/revisions"}],"predecessor-version":[{"id":2554,"href":"http:\/\/mmth.de\/index.php?rest_route=\/wp\/v2\/posts\/2548\/revisions\/2554"}],"wp:attachment":[{"href":"http:\/\/mmth.de\/index.php?rest_route=%2Fwp%2Fv2%2Fmedia&parent=2548"}],"wp:term":[{"taxonomy":"category","embeddable":true,"href":"http:\/\/mmth.de\/index.php?rest_route=%2Fwp%2Fv2%2Fcategories&post=2548"},{"taxonomy":"post_tag","embeddable":true,"href":"http:\/\/mmth.de\/index.php?rest_route=%2Fwp%2Fv2%2Ftags&post=2548"}],"curies":[{"name":"wp","href":"https:\/\/api.w.org\/{rel}","templated":true}]}}